{"id":1219,"date":"2026-04-23T13:35:55","date_gmt":"2026-04-23T12:35:55","guid":{"rendered":"https:\/\/signaletiquefactory.fr\/?p=1219"},"modified":"2026-04-23T13:35:56","modified_gmt":"2026-04-23T12:35:56","slug":"signaletique-factory-met-en-valeur-le-patrimoine-bearnais","status":"publish","type":"post","link":"https:\/\/signaletiquefactory.fr\/index.php\/2026\/04\/23\/signaletique-factory-met-en-valeur-le-patrimoine-bearnais\/","title":{"rendered":"Signaletique Factory met en valeur le patrimoine b\u00e9arnais :"},"content":{"rendered":"\n<h2 class=\"wp-block-heading\">une plaque patrimoniale sur mesure pour le Ch\u00e2teau de Saint-P\u00e9<\/h2>\n\n\n\n<p>Chez <strong>Signaletique Factory<\/strong>, la signal\u00e9tique est bien plus qu\u2019un simple support d\u2019information : elle devient un v\u00e9ritable <strong>outil de valorisation du patrimoine local<\/strong>. J\u2019ai r\u00e9cemment \u00e9t\u00e9 missionn\u00e9 pour concevoir une <strong>plaque patrimoniale ext\u00e9rieure sur mesure<\/strong>, qualitative et durable, destin\u00e9e \u00e0 accompagner la mise en valeur du Ch\u00e2teau de Saint-P\u00e9, situ\u00e9 au c\u0153ur de Salies-de-B\u00e9arn.<\/p>\n\n\n\n<p>L\u2019objectif \u00e9tait clair : cr\u00e9er une plaque \u00e9l\u00e9gante, lisible et p\u00e9renne, parfaitement en accord avec l\u2019environnement architectural et les exigences des <strong>Monuments historiques<\/strong>, afin de transmettre l\u2019histoire du lieu aux habitants comme aux visiteurs.<\/p>\n\n\n\n<hr class=\"wp-block-separator has-alpha-channel-opacity\"\/>\n\n\n\n<h2 class=\"wp-block-heading\">Le Ch\u00e2teau de Saint-P\u00e9 : un t\u00e9moin majeur de l\u2019histoire du B\u00e9arn<\/h2>\n\n\n\n<p>Situ\u00e9 au c\u0153ur de la cit\u00e9 du sel, le Ch\u00e2teau de Saint-P\u00e9 est une ancienne demeure seigneuriale m\u00e9di\u00e9vale autrefois int\u00e9gr\u00e9e au syst\u00e8me d\u00e9fensif de la ville.<\/p>\n\n\n\n<p>Remani\u00e9 entre le XVI\u1d49 et le XIX\u1d49 si\u00e8cle, il a notamment servi de lieu d\u2019enfermement lors des proc\u00e8s de sorcellerie men\u00e9s par Pierre de Lancre en 1609.<\/p>\n\n\n\n<p>Aujourd\u2019hui inscrit aux Monuments historiques, il t\u00e9moigne encore de l\u2019importance strat\u00e9gique de Salies-de-B\u00e9arn dans l\u2019histoire du B\u00e9arn. Suite \u00e0 sa r\u00e9cente restauration, l\u2019\u00e9difice attire naturellement les regards des habitants et des touristes depuis la rue. Il devenait donc essentiel d\u2019installer une <strong>plaque d\u2019information patrimoniale ext\u00e9rieure<\/strong> pour r\u00e9v\u00e9ler la richesse historique de ce site remarquable.<\/p>\n\n\n\n<hr class=\"wp-block-separator has-alpha-channel-opacity\"\/>\n\n\n\n<h2 class=\"wp-block-heading\">Une plaque patrimoniale sur mesure, en harmonie avec le monument<\/h2>\n\n\n\n<p>Afin d\u2019\u00eatre en parfaite ad\u00e9quation avec les codes des plaques traditionnelles des Monuments historiques, le choix s\u2019est port\u00e9 sur une <strong>plaque en t\u00f4le tablette sur mesure<\/strong>, con\u00e7ue sp\u00e9cifiquement pour ce projet de <strong>signal\u00e9tique touristique et patrimoniale<\/strong>.<\/p>\n\n\n\n<p>La <strong>teinte ton pierre<\/strong> a \u00e9t\u00e9 valid\u00e9e pour s\u2019int\u00e9grer naturellement au mur d\u2019enceinte, tandis que la couleur du texte reprend celle du portail monumental. Cette coh\u00e9rence visuelle permet une int\u00e9gration discr\u00e8te, \u00e9l\u00e9gante et respectueuse de l\u2019architecture existante.<\/p>\n\n\n\n<p>Ce type de r\u00e9alisation illustre parfaitement le savoir-faire de Signaletique Factory dans la conception de <strong>signal\u00e9tique pour collectivit\u00e9s, mairies, offices de tourisme et sites patrimoniaux<\/strong>.<\/p>\n\n\n\n<hr class=\"wp-block-separator has-alpha-channel-opacity\"\/>\n\n\n\n<h2 class=\"wp-block-heading\">Une signal\u00e9tique ext\u00e9rieure durable et pens\u00e9e pour traverser le temps<\/h2>\n\n\n\n<p>Parce qu\u2019une <strong>plaque patrimoniale ext\u00e9rieure<\/strong> doit rester lisible durablement, l\u2019ensemble est prot\u00e9g\u00e9 par une <strong>plastification anti-UV et anti-graffiti<\/strong>, garantissant une excellente r\u00e9sistance face aux intemp\u00e9ries et aux usages publics.<\/p>\n\n\n\n<p>Un <strong>syst\u00e8me de fixation invisible et facile \u00e0 poser<\/strong> a \u00e9galement \u00e9t\u00e9 anticip\u00e9 afin de permettre une installation simple et sereine par les propri\u00e9taires actuels, sans alt\u00e9rer l\u2019esth\u00e9tique du mur d\u2019enceinte.<\/p>\n\n\n\n<p>Aujourd\u2019hui, la plaque a trouv\u00e9 naturellement sa place et participe pleinement \u00e0 la <strong>valorisation touristique et culturelle du patrimoine b\u00e9arnais<\/strong>.<\/p>\n\n\n\n<figure class=\"wp-block-image size-large\"><img loading=\"lazy\" decoding=\"async\" width=\"1024\" height=\"235\" src=\"https:\/\/signaletiquefactory.fr\/wp-content\/uploads\/2026\/04\/article-stpe-1024x235.png\" alt=\"\" class=\"wp-image-1222\" srcset=\"https:\/\/signaletiquefactory.fr\/wp-content\/uploads\/2026\/04\/article-stpe-1024x235.png 1024w, https:\/\/signaletiquefactory.fr\/wp-content\/uploads\/2026\/04\/article-stpe-300x69.png 300w, https:\/\/signaletiquefactory.fr\/wp-content\/uploads\/2026\/04\/article-stpe-768x176.png 768w, https:\/\/signaletiquefactory.fr\/wp-content\/uploads\/2026\/04\/article-stpe.png 1308w\" sizes=\"auto, (max-width: 1024px) 100vw, 1024px\" \/><\/figure>\n\n\n\n<hr class=\"wp-block-separator has-alpha-channel-opacity\"\/>\n\n\n\n<h2 class=\"wp-block-heading\">Signaletique Factory accompagne la mise en valeur du patrimoine partout en France<\/h2>\n\n\n\n<p>Sp\u00e9cialis\u00e9e dans la <strong>fabrication de plaques patrimoniales sur mesure et de signal\u00e9tique ext\u00e9rieure durable<\/strong>, Signaletique Factory accompagne les <strong>collectivit\u00e9s, mairies, offices de tourisme, campings, h\u00f4tels et \u00e9tablissements recevant du public<\/strong> dans leurs projets de valorisation du territoire.<\/p>\n\n\n\n<p>Chaque r\u00e9alisation est pens\u00e9e pour respecter l\u2019identit\u00e9 du lieu tout en facilitant la transmission de son histoire au public.<\/p>\n\n\n\n<p>\ud83d\udc49 Vous avez un projet de <strong>plaque monument historique, signal\u00e9tique touristique ou signal\u00e9tique patrimoniale sur mesure<\/strong> ? Signaletique Factory vous accompagne partout en France.<\/p>\n","protected":false},"excerpt":{"rendered":"<p>une plaque patrimoniale sur mesure pour le Ch\u00e2teau de Saint-P\u00e9 Chez Signaletique Factory, la signal\u00e9tique est bien plus qu\u2019un simple support d\u2019information : elle devient un v\u00e9ritable outil de valorisation du patrimoine local. J\u2019ai r\u00e9cemment \u00e9t\u00e9 missionn\u00e9 pour concevoir une plaque patrimoniale ext\u00e9rieure sur mesure, qualitative et durable, destin\u00e9e \u00e0 accompagner la mise en valeur&hellip;&nbsp;<\/p>\n","protected":false},"author":1,"featured_media":1224,"comment_status":"closed","ping_status":"closed","sticky":false,"template":"","format":"standard","meta":{"neve_meta_sidebar":"","neve_meta_container":"","neve_meta_enable_content_width":"","neve_meta_content_width":0,"neve_meta_title_alignment":"","neve_meta_author_avatar":"","neve_post_elements_order":"[\"title\",\"thumbnail\",\"content\"]","neve_meta_disable_header":"","neve_meta_disable_footer":"","neve_meta_disable_title":"","_themeisle_gutenberg_block_has_review":false,"iawp_total_views":0,"footnotes":""},"categories":[16],"tags":[],"class_list":["post-1219","post","type-post","status-publish","format-standard","has-post-thumbnail","hentry","category-signaletique-exterieur"],"_links":{"self":[{"href":"https:\/\/signaletiquefactory.fr\/index.php\/wp-json\/wp\/v2\/posts\/1219","targetHints":{"allow":["GET"]}}],"collection":[{"href":"https:\/\/signaletiquefactory.fr\/index.php\/wp-json\/wp\/v2\/posts"}],"about":[{"href":"https:\/\/signaletiquefactory.fr\/index.php\/wp-json\/wp\/v2\/types\/post"}],"author":[{"embeddable":true,"href":"https:\/\/signaletiquefactory.fr\/index.php\/wp-json\/wp\/v2\/users\/1"}],"replies":[{"embeddable":true,"href":"https:\/\/signaletiquefactory.fr\/index.php\/wp-json\/wp\/v2\/comments?post=1219"}],"version-history":[{"count":5,"href":"https:\/\/signaletiquefactory.fr\/index.php\/wp-json\/wp\/v2\/posts\/1219\/revisions"}],"predecessor-version":[{"id":1226,"href":"https:\/\/signaletiquefactory.fr\/index.php\/wp-json\/wp\/v2\/posts\/1219\/revisions\/1226"}],"wp:featuredmedia":[{"embeddable":true,"href":"https:\/\/signaletiquefactory.fr\/index.php\/wp-json\/wp\/v2\/media\/1224"}],"wp:attachment":[{"href":"https:\/\/signaletiquefactory.fr\/index.php\/wp-json\/wp\/v2\/media?parent=1219"}],"wp:term":[{"taxonomy":"category","embeddable":true,"href":"https:\/\/signaletiquefactory.fr\/index.php\/wp-json\/wp\/v2\/categories?post=1219"},{"taxonomy":"post_tag","embeddable":true,"href":"https:\/\/signaletiquefactory.fr\/index.php\/wp-json\/wp\/v2\/tags?post=1219"}],"curies":[{"name":"wp","href":"https:\/\/api.w.org\/{rel}","templated":true}]}}